{"id":51,"date":"2024-12-31T10:25:15","date_gmt":"2024-12-31T10:25:15","guid":{"rendered":"https:\/\/themes.templatescoder.com\/sastra-addon\/classic-blog\/2024-travel-trends-virtual-tours-and-immersive-adventures-copy\/"},"modified":"2026-07-20T14:01:39","modified_gmt":"2026-07-20T17:01:39","slug":"terapia-capilar-quando-procurar-especialista","status":"publish","type":"post","link":"https:\/\/wowclassyhouse.com.br\/blog\/terapia-capilar-quando-procurar-especialista\/","title":{"rendered":"Terapia Capilar: Quando Procurar um Especialista"},"content":{"rendered":"<p>Muita gente s\u00f3 pensa em procurar um terapeuta capilar quando o problema j\u00e1 est\u00e1 avan\u00e7ado \u2014 mas alguns sinais merecem aten\u00e7\u00e3o bem antes disso.<\/p>\n<p>Queda de cabelo acima do normal (mais de 100 fios por dia, especialmente se notar rarefa\u00e7\u00e3o vis\u00edvel), caspa persistente que n\u00e3o melhora com shampoos comuns, coceira frequente no couro cabeludo e oleosidade excessiva mesmo logo ap\u00f3s a lavagem s\u00e3o sinais de que vale buscar uma avalia\u00e7\u00e3o especializada.<\/p>\n<p>A terapia capilar trabalha a sa\u00fade do couro cabeludo \u2014 que \u00e9 literalmente a raiz de um cabelo saud\u00e1vel \u2014 com tratamentos personalizados conforme o diagn\u00f3stico. Muitas vezes, o problema no fio come\u00e7a no couro cabeludo, e resolver s\u00f3 a parte vis\u00edvel do cabelo n\u00e3o \u00e9 suficiente. Se algum desses sinais soa familiar, vale marcar uma avalia\u00e7\u00e3o antes que o quadro se agrave.<\/p>\n","protected":false},"excerpt":{"rendered":"<p>Queda excessiva, caspa persistente ou coceira no couro cabeludo: veja quando vale a pena procurar um terapeuta capilar.<\/p>\n","protected":false},"author":1,"featured_media":221,"comment_status":"open","ping_status":"open","sticky":false,"template":"","format":"standard","meta":{"footnotes":""},"categories":[21],"tags":[30],"class_list":["post-51","post","type-post","status-publish","format-standard","has-post-thumbnail","hentry","category-cabelo","tag-cuidados-diarios"],"_links":{"self":[{"href":"https:\/\/wowclassyhouse.com.br\/blog\/wp-json\/wp\/v2\/posts\/51","targetHints":{"allow":["GET"]}}],"collection":[{"href":"https:\/\/wowclassyhouse.com.br\/blog\/wp-json\/wp\/v2\/posts"}],"about":[{"href":"https:\/\/wowclassyhouse.com.br\/blog\/wp-json\/wp\/v2\/types\/post"}],"author":[{"embeddable":true,"href":"https:\/\/wowclassyhouse.com.br\/blog\/wp-json\/wp\/v2\/users\/1"}],"replies":[{"embeddable":true,"href":"https:\/\/wowclassyhouse.com.br\/blog\/wp-json\/wp\/v2\/comments?post=51"}],"version-history":[{"count":2,"href":"https:\/\/wowclassyhouse.com.br\/blog\/wp-json\/wp\/v2\/posts\/51\/revisions"}],"predecessor-version":[{"id":197,"href":"https:\/\/wowclassyhouse.com.br\/blog\/wp-json\/wp\/v2\/posts\/51\/revisions\/197"}],"wp:featuredmedia":[{"embeddable":true,"href":"https:\/\/wowclassyhouse.com.br\/blog\/wp-json\/wp\/v2\/media\/221"}],"wp:attachment":[{"href":"https:\/\/wowclassyhouse.com.br\/blog\/wp-json\/wp\/v2\/media?parent=51"}],"wp:term":[{"taxonomy":"category","embeddable":true,"href":"https:\/\/wowclassyhouse.com.br\/blog\/wp-json\/wp\/v2\/categories?post=51"},{"taxonomy":"post_tag","embeddable":true,"href":"https:\/\/wowclassyhouse.com.br\/blog\/wp-json\/wp\/v2\/tags?post=51"}],"curies":[{"name":"wp","href":"https:\/\/api.w.org\/{rel}","templated":true}]}}