{"id":36,"date":"2024-12-31T07:14:00","date_gmt":"2024-12-31T07:14:00","guid":{"rendered":"https:\/\/themes.templatescoder.com\/sastra-addon\/classic-blog\/digital-age-business-travel-tools-for-modern-professionals-copy\/"},"modified":"2026-07-20T14:01:38","modified_gmt":"2026-07-20T17:01:38","slug":"tendencias-coloracao-2026","status":"publish","type":"post","link":"https:\/\/wowclassyhouse.com.br\/blog\/tendencias-coloracao-2026\/","title":{"rendered":"Tend\u00eancias de Colora\u00e7\u00e3o para 2026"},"content":{"rendered":"<p>2026 chegou trazendo uma tend\u00eancia clara: colora\u00e7\u00f5es com apar\u00eancia natural, mesmo quando o resultado \u00e9 bem trabalhado tecnicamente. Nada de cores muito artificiais \u2014 a r\u00e9gua agora \u00e9 &#8220;parece que nasceu assim&#8221;.<\/p>\n<p>Entre os destaques est\u00e3o o chocolate avel\u00e3 (um castanho quente com reflexos dourados), o loiro amanteigado (mais suave que o platinado, sem ficar puxado pro amarelo) e o ruivo cobre, que voltou com for\u00e7a em tons mais terrosos. Para quem n\u00e3o quer se comprometer com mudan\u00e7a radical, as mechas de baixa manuten\u00e7\u00e3o seguem em alta, prometendo bom resultado com retoques mais espa\u00e7ados.<\/p>\n<p>Vale lembrar que tend\u00eancia \u00e9 ponto de partida, n\u00e3o regra fixa \u2014 o que funciona pra uma pessoa pode n\u00e3o combinar com outra, dependendo do tom de pele, cor natural do cabelo e rotina de manuten\u00e7\u00e3o. O ideal \u00e9 sempre conversar com seu colorista antes de decidir.<\/p>\n","protected":false},"excerpt":{"rendered":"<p>Dos tons chocolate aos loiros amanteigados: veja quais colora\u00e7\u00f5es est\u00e3o dominando os sal\u00f5es em 2026.<\/p>\n","protected":false},"author":1,"featured_media":225,"comment_status":"open","ping_status":"open","sticky":false,"template":"","format":"standard","meta":{"footnotes":""},"categories":[21],"tags":[28,32],"class_list":["post-36","post","type-post","status-publish","format-standard","has-post-thumbnail","hentry","category-cabelo","tag-coloracao","tag-tendencias"],"_links":{"self":[{"href":"https:\/\/wowclassyhouse.com.br\/blog\/wp-json\/wp\/v2\/posts\/36","targetHints":{"allow":["GET"]}}],"collection":[{"href":"https:\/\/wowclassyhouse.com.br\/blog\/wp-json\/wp\/v2\/posts"}],"about":[{"href":"https:\/\/wowclassyhouse.com.br\/blog\/wp-json\/wp\/v2\/types\/post"}],"author":[{"embeddable":true,"href":"https:\/\/wowclassyhouse.com.br\/blog\/wp-json\/wp\/v2\/users\/1"}],"replies":[{"embeddable":true,"href":"https:\/\/wowclassyhouse.com.br\/blog\/wp-json\/wp\/v2\/comments?post=36"}],"version-history":[{"count":2,"href":"https:\/\/wowclassyhouse.com.br\/blog\/wp-json\/wp\/v2\/posts\/36\/revisions"}],"predecessor-version":[{"id":189,"href":"https:\/\/wowclassyhouse.com.br\/blog\/wp-json\/wp\/v2\/posts\/36\/revisions\/189"}],"wp:featuredmedia":[{"embeddable":true,"href":"https:\/\/wowclassyhouse.com.br\/blog\/wp-json\/wp\/v2\/media\/225"}],"wp:attachment":[{"href":"https:\/\/wowclassyhouse.com.br\/blog\/wp-json\/wp\/v2\/media?parent=36"}],"wp:term":[{"taxonomy":"category","embeddable":true,"href":"https:\/\/wowclassyhouse.com.br\/blog\/wp-json\/wp\/v2\/categories?post=36"},{"taxonomy":"post_tag","embeddable":true,"href":"https:\/\/wowclassyhouse.com.br\/blog\/wp-json\/wp\/v2\/tags?post=36"}],"curies":[{"name":"wp","href":"https:\/\/api.w.org\/{rel}","templated":true}]}}