{"id":30,"date":"2024-12-31T06:55:13","date_gmt":"2024-12-31T06:55:13","guid":{"rendered":"https:\/\/themes.templatescoder.com\/sastra-addon\/classic-blog\/?p=30"},"modified":"2026-07-20T14:01:38","modified_gmt":"2026-07-20T17:01:38","slug":"sinais-cabelo-precisa-hidratacao-profunda","status":"publish","type":"post","link":"https:\/\/wowclassyhouse.com.br\/blog\/sinais-cabelo-precisa-hidratacao-profunda\/","title":{"rendered":"5 Sinais de que Seu Cabelo Precisa de Hidrata\u00e7\u00e3o Profunda"},"content":{"rendered":"<p>O cabelo d\u00e1 sinais bem claros quando est\u00e1 pedindo um cuidado mais intenso \u2014 a quest\u00e3o \u00e9 que muita gente aprende a conviver com esses sinais em vez de resolv\u00ea-los.<\/p>\n<p>Fique atenta a: fios ressecados ao toque, frizz que n\u00e3o passa nem com creme, pontas duras e quebradi\u00e7as, cabelo sem elasticidade (que estica e n\u00e3o volta) e brilho que desaparece r\u00e1pido depois do banho. Qualquer combina\u00e7\u00e3o de dois ou mais desses pontos j\u00e1 \u00e9 sinal de que a hidrata\u00e7\u00e3o de prateleira n\u00e3o est\u00e1 dando conta.<\/p>\n<p>Nesses casos, o ideal \u00e9 intercalar hidrata\u00e7\u00e3o, nutri\u00e7\u00e3o e reconstru\u00e7\u00e3o conforme a necessidade real do fio \u2014 e n\u00e3o s\u00f3 &#8220;passar m\u00e1scara toda semana&#8221;. Uma avalia\u00e7\u00e3o capilar no sal\u00e3o ajuda a identificar exatamente o que o seu cabelo est\u00e1 pedindo, principalmente se ele j\u00e1 passou por qu\u00edmica, chapinha frequente ou exposi\u00e7\u00e3o solar.<\/p>\n","protected":false},"excerpt":{"rendered":"<p>Ressecamento, frizz e pontas duras s\u00e3o sinais claros de que a hidrata\u00e7\u00e3o da sua rotina n\u00e3o est\u00e1 dando conta do recado.<\/p>\n","protected":false},"author":1,"featured_media":222,"comment_status":"open","ping_status":"open","sticky":false,"template":"","format":"standard","meta":{"footnotes":""},"categories":[21],"tags":[30,29],"class_list":["post-30","post","type-post","status-publish","format-standard","has-post-thumbnail","hentry","category-cabelo","tag-cuidados-diarios","tag-hidratacao"],"_links":{"self":[{"href":"https:\/\/wowclassyhouse.com.br\/blog\/wp-json\/wp\/v2\/posts\/30","targetHints":{"allow":["GET"]}}],"collection":[{"href":"https:\/\/wowclassyhouse.com.br\/blog\/wp-json\/wp\/v2\/posts"}],"about":[{"href":"https:\/\/wowclassyhouse.com.br\/blog\/wp-json\/wp\/v2\/types\/post"}],"author":[{"embeddable":true,"href":"https:\/\/wowclassyhouse.com.br\/blog\/wp-json\/wp\/v2\/users\/1"}],"replies":[{"embeddable":true,"href":"https:\/\/wowclassyhouse.com.br\/blog\/wp-json\/wp\/v2\/comments?post=30"}],"version-history":[{"count":2,"href":"https:\/\/wowclassyhouse.com.br\/blog\/wp-json\/wp\/v2\/posts\/30\/revisions"}],"predecessor-version":[{"id":183,"href":"https:\/\/wowclassyhouse.com.br\/blog\/wp-json\/wp\/v2\/posts\/30\/revisions\/183"}],"wp:featuredmedia":[{"embeddable":true,"href":"https:\/\/wowclassyhouse.com.br\/blog\/wp-json\/wp\/v2\/media\/222"}],"wp:attachment":[{"href":"https:\/\/wowclassyhouse.com.br\/blog\/wp-json\/wp\/v2\/media?parent=30"}],"wp:term":[{"taxonomy":"category","embeddable":true,"href":"https:\/\/wowclassyhouse.com.br\/blog\/wp-json\/wp\/v2\/categories?post=30"},{"taxonomy":"post_tag","embeddable":true,"href":"https:\/\/wowclassyhouse.com.br\/blog\/wp-json\/wp\/v2\/tags?post=30"}],"curies":[{"name":"wp","href":"https:\/\/api.w.org\/{rel}","templated":true}]}}