{"id":108,"date":"2025-01-01T10:27:32","date_gmt":"2025-01-01T10:27:32","guid":{"rendered":"https:\/\/themes.templatescoder.com\/sastra-addon\/classic-blog\/how-5g-technology-is-set-to-transform-travel-in-2024-copy\/"},"modified":"2026-07-20T14:01:39","modified_gmt":"2026-07-20T17:01:39","slug":"cabelos-cacheados-dicas-cuidado-definicao","status":"publish","type":"post","link":"https:\/\/wowclassyhouse.com.br\/blog\/cabelos-cacheados-dicas-cuidado-definicao\/","title":{"rendered":"Cabelos Cacheados: Dicas de Cuidado e Defini\u00e7\u00e3o"},"content":{"rendered":"<p>Cabelo cacheado tem estrutura diferente do liso \u2014 os fios em espiral dificultam a distribui\u00e7\u00e3o natural da oleosidade do couro cabeludo at\u00e9 as pontas, o que explica por que o ressecamento \u00e9 queixa t\u00e3o comum nesse tipo de cabelo.<\/p>\n<p>Por isso, a hidrata\u00e7\u00e3o precisa ser mais frequente e mais intensa do que em cabelos lisos. Evite sulfatos agressivos no shampoo, prefira o &#8220;co-wash&#8221; (lavagem s\u00f3 com condicionador) intercalado quando poss\u00edvel, e sempre finalize com o cabelo ainda molhado \u2014 o cacho se define melhor assim do que depois de seco.<\/p>\n<p>Outro ponto importante: touca de cetim ou fronha de cetim para dormir fazem diferen\u00e7a real na manuten\u00e7\u00e3o do cacho de um dia pro outro, reduzindo o atrito que causa frizz. E cortes espec\u00edficos para cabelo cacheado, feitos fio a fio respeitando o movimento natural, tendem a durar muito mais que um corte tradicional adaptado.<\/p>\n","protected":false},"excerpt":{"rendered":"<p>Frizz, ressecamento e falta de defini\u00e7\u00e3o s\u00e3o as maiores queixas de quem tem cacho. Veja como ajustar a rotina.<\/p>\n","protected":false},"author":1,"featured_media":224,"comment_status":"open","ping_status":"open","sticky":false,"template":"","format":"standard","meta":{"footnotes":""},"categories":[21],"tags":[30,29],"class_list":["post-108","post","type-post","status-publish","format-standard","has-post-thumbnail","hentry","category-cabelo","tag-cuidados-diarios","tag-hidratacao"],"_links":{"self":[{"href":"https:\/\/wowclassyhouse.com.br\/blog\/wp-json\/wp\/v2\/posts\/108","targetHints":{"allow":["GET"]}}],"collection":[{"href":"https:\/\/wowclassyhouse.com.br\/blog\/wp-json\/wp\/v2\/posts"}],"about":[{"href":"https:\/\/wowclassyhouse.com.br\/blog\/wp-json\/wp\/v2\/types\/post"}],"author":[{"embeddable":true,"href":"https:\/\/wowclassyhouse.com.br\/blog\/wp-json\/wp\/v2\/users\/1"}],"replies":[{"embeddable":true,"href":"https:\/\/wowclassyhouse.com.br\/blog\/wp-json\/wp\/v2\/comments?post=108"}],"version-history":[{"count":2,"href":"https:\/\/wowclassyhouse.com.br\/blog\/wp-json\/wp\/v2\/posts\/108\/revisions"}],"predecessor-version":[{"id":203,"href":"https:\/\/wowclassyhouse.com.br\/blog\/wp-json\/wp\/v2\/posts\/108\/revisions\/203"}],"wp:featuredmedia":[{"embeddable":true,"href":"https:\/\/wowclassyhouse.com.br\/blog\/wp-json\/wp\/v2\/media\/224"}],"wp:attachment":[{"href":"https:\/\/wowclassyhouse.com.br\/blog\/wp-json\/wp\/v2\/media?parent=108"}],"wp:term":[{"taxonomy":"category","embeddable":true,"href":"https:\/\/wowclassyhouse.com.br\/blog\/wp-json\/wp\/v2\/categories?post=108"},{"taxonomy":"post_tag","embeddable":true,"href":"https:\/\/wowclassyhouse.com.br\/blog\/wp-json\/wp\/v2\/tags?post=108"}],"curies":[{"name":"wp","href":"https:\/\/api.w.org\/{rel}","templated":true}]}}